{"id":20,"date":"2016-02-12T19:57:17","date_gmt":"2016-02-12T19:57:17","guid":{"rendered":"http:\/\/users.utu.fi\/amstou\/?p=20"},"modified":"2016-03-15T10:17:12","modified_gmt":"2016-03-15T10:17:12","slug":"eurooppalainen-konferenssi-vammaistutkimuksesta","status":"publish","type":"post","link":"https:\/\/users.utu.fi\/amstou\/2016\/02\/12\/eurooppalainen-konferenssi-vammaistutkimuksesta\/","title":{"rendered":"Kokemuksia vammaistutkimusta k\u00e4sittelev\u00e4st\u00e4 konferenssista"},"content":{"rendered":"<blockquote><p>Osallistuin viime kes\u00e4n\u00e4 Pariisissa j\u00e4rjestettyyn vammaistutkimusta k\u00e4sittelev\u00e4\u00e4n konferenssiin. Kyseisen konferenssin j\u00e4rjest\u00e4j\u00e4n\u00e4 toimii j\u00e4rjest\u00f6, jonka tarkoituksena on edist\u00e4\u00e4 eurooppalaista vammaistutkimusta. J\u00e4rjest\u00f6\u00e4 kutsutaan usein lyhyesti nimell\u00e4 Alter, vaikka j\u00e4rjest\u00f6n nimi on kokonaisuudessaan Alter European Society for Disability Research (http:\/\/www.alter-asso.org).<\/p>\n<p>Kyseiseen konferenssiin osallistui vammaistutkimuksen alalla toimivia tutkijoita eri Euroopan maista, mutta erityisesti Ranskassa. Ranskalaiset tutkijat pitiv\u00e4t esityksens\u00e4 ranskaksi ja muista maista tulleet tutkijat pitiv\u00e4t esityksens\u00e4 englanniksi. Konferenssin kutsutut puhujat esiintyiv\u00e4t aina auditoriossa, jossa oli mahdollista kuunnella esityksen tulkkaus kuulokkeista, jos ei ymm\u00e4rt\u00e4nyt esityksess\u00e4 k\u00e4ytetty\u00e4 kielt\u00e4. T\u00e4m\u00e4n lis\u00e4ksi auditoriossa oli paikalla viittomakielen tulkit.<\/p>\n<p>Konferenssissa k\u00e4siteltiin useita esityksi\u00e4 kiinnostavia aiheita. Itselleni j\u00e4i parhaiten italialaisen tutkimusryhm\u00e4n esitykset isien merkityksest\u00e4 vammaisten lasten el\u00e4m\u00e4ss\u00e4. Esimerkiksi Roberta Caldin ja Alessia Cinottin puhuivat siit\u00e4, miten is\u00e4t tukevat vammaisten lasten itsen\u00e4istymist\u00e4. He kertoivat, ett\u00e4 is\u00e4t pid\u00e4tt\u00e4ytyv\u00e4t v\u00e4lill\u00e4 tietoisesti auttamasta lastaan, jotta heid\u00e4n lapsens\u00e4 saisi mahdollisuuden p\u00e4rj\u00e4t\u00e4 itse. T\u00e4m\u00e4n lis\u00e4ksi j\u00e4in pohtimaan Diane Bedoinin esityst\u00e4, jonka aiheena oli maahanmuttajataustaisten kuulovammaisten lasten ja nuorten kokemukset ranskalaisissa kouluissa. Bedoin kertoi, ett\u00e4 monesti t\u00e4h\u00e4n ryhm\u00e4\u00e4n kuuluvia lapsia ja nuoria ei kannusteta yll\u00e4pit\u00e4m\u00e4\u00e4n taitoaan ymm\u00e4rt\u00e4\u00e4 kotona puhuttua kielt\u00e4, sill\u00e4 tuon kielen tulkitsemisen (joko huulilta puhuen tai kuunnellen) uskotaan haittaavan ranskan kielen oppimista.<\/p>\n<p>Kokonaisuudessa kyseiseen konferenssiin osallistuminen oli positiivinen kokemus. Se oli hyvin j\u00e4rjestetty ja siell\u00e4 oli hyv\u00e4 ilmapiiri. T\u00e4n\u00e4 vuonna kyseiseen konferenssiin on helppo menn\u00e4 tutustumaan, sill\u00e4 se j\u00e4rjestet\u00e4\u00e4n naapurimaassamme Ruotsissa kes\u00e4-hein\u00e4kuun vaihteessa (http:\/\/alterconf2016.sciencesconf.org\/).\n<\/p><\/blockquote>\n","protected":false},"excerpt":{"rendered":"<p>Osallistuin viime kes\u00e4n\u00e4 Pariisissa j\u00e4rjestettyyn vammaistutkimusta k\u00e4sittelev\u00e4\u00e4n konferenssiin. Kyseisen konferenssin j\u00e4rjest\u00e4j\u00e4n\u00e4 toimii j\u00e4rjest\u00f6, jonka tarkoituksena on edist\u00e4\u00e4 eurooppalaista vammaistutkimusta. J\u00e4rjest\u00f6\u00e4 kutsutaan usein lyhyesti nimell\u00e4 Alter, vaikka j\u00e4rjest\u00f6n nimi on kokonaisuudessaan Alter European Society for Disability Research (http:\/\/www.alter-asso.org). Kyseiseen konferenssiin osallistui vammaistutkimuksen alalla toimivia tutkijoita eri Euroopan maista, mutta erityisesti Ranskassa. Ranskalaiset tutkijat pitiv\u00e4t esityksens\u00e4 ranskaksi [&hellip;]<\/p>\n","protected":false},"author":18,"featured_media":0,"comment_status":"open","ping_status":"closed","sticky":false,"template":"","format":"standard","meta":{"wds_primary_category":0,"footnotes":""},"categories":[1],"tags":[],"class_list":["post-20","post","type-post","status-publish","format-standard","hentry","category-uncategorized","post-preview"],"_links":{"self":[{"href":"https:\/\/users.utu.fi\/amstou\/wp-json\/wp\/v2\/posts\/20","targetHints":{"allow":["GET"]}}],"collection":[{"href":"https:\/\/users.utu.fi\/amstou\/wp-json\/wp\/v2\/posts"}],"about":[{"href":"https:\/\/users.utu.fi\/amstou\/wp-json\/wp\/v2\/types\/post"}],"author":[{"embeddable":true,"href":"https:\/\/users.utu.fi\/amstou\/wp-json\/wp\/v2\/users\/18"}],"replies":[{"embeddable":true,"href":"https:\/\/users.utu.fi\/amstou\/wp-json\/wp\/v2\/comments?post=20"}],"version-history":[{"count":12,"href":"https:\/\/users.utu.fi\/amstou\/wp-json\/wp\/v2\/posts\/20\/revisions"}],"predecessor-version":[{"id":63,"href":"https:\/\/users.utu.fi\/amstou\/wp-json\/wp\/v2\/posts\/20\/revisions\/63"}],"wp:attachment":[{"href":"https:\/\/users.utu.fi\/amstou\/wp-json\/wp\/v2\/media?parent=20"}],"wp:term":[{"taxonomy":"category","embeddable":true,"href":"https:\/\/users.utu.fi\/amstou\/wp-json\/wp\/v2\/categories?post=20"},{"taxonomy":"post_tag","embeddable":true,"href":"https:\/\/users.utu.fi\/amstou\/wp-json\/wp\/v2\/tags?post=20"}],"curies":[{"name":"wp","href":"https:\/\/api.w.org\/{rel}","templated":true}]}}