{"id":587,"date":"2018-11-20T22:23:57","date_gmt":"2018-11-20T20:23:57","guid":{"rendered":"http:\/\/users.utu.fi\/jarsjo\/?p=587"},"modified":"2018-11-21T00:39:29","modified_gmt":"2018-11-20T22:39:29","slug":"taas-on-aika-paivittaa-tvtn-opetuskayton-suunnitelma","status":"publish","type":"post","link":"https:\/\/users.utu.fi\/jarsjo\/taas-on-aika-paivittaa-tvtn-opetuskayton-suunnitelma\/","title":{"rendered":"Taas on aika p\u00e4ivitt\u00e4\u00e4 TVT:n opetusk\u00e4yt\u00f6n suunnitelma"},"content":{"rendered":"<p><img loading=\"lazy\" decoding=\"async\" class=\"alignnone size-large wp-image-593\" src=\"https:\/\/users.utu.fi\/jarsjo\/wp-content\/uploads\/sites\/210\/2018\/11\/N\u00e4ytt\u00f6kuva-2018-11-20-kello-22.14.48-1024x576.png\" alt=\"\" width=\"840\" height=\"473\" srcset=\"https:\/\/users.utu.fi\/jarsjo\/wp-content\/uploads\/sites\/210\/2018\/11\/N\u00e4ytt\u00f6kuva-2018-11-20-kello-22.14.48-1024x576.png 1024w, https:\/\/users.utu.fi\/jarsjo\/wp-content\/uploads\/sites\/210\/2018\/11\/N\u00e4ytt\u00f6kuva-2018-11-20-kello-22.14.48-300x169.png 300w, https:\/\/users.utu.fi\/jarsjo\/wp-content\/uploads\/sites\/210\/2018\/11\/N\u00e4ytt\u00f6kuva-2018-11-20-kello-22.14.48-768x432.png 768w, https:\/\/users.utu.fi\/jarsjo\/wp-content\/uploads\/sites\/210\/2018\/11\/N\u00e4ytt\u00f6kuva-2018-11-20-kello-22.14.48-1200x675.png 1200w, https:\/\/users.utu.fi\/jarsjo\/wp-content\/uploads\/sites\/210\/2018\/11\/N\u00e4ytt\u00f6kuva-2018-11-20-kello-22.14.48.png 1422w\" sizes=\"auto, (max-width: 840px) 100vw, 840px\" \/><\/p>\n<p>Norssin vanha <a href=\"http:\/\/www.utu.fi\/fi\/yksikot\/tnk\/Documents\/TNKn%20TVT-suunnitelma%202016-2018.pdf\">tieto- ja viestint\u00e4tekniikan opetusk\u00e4yt\u00f6n suunnitelma<\/a> alkaa olla kautensa lopussa. Nyt on taas aika katsoa, mit\u00e4 p\u00e4ivitett\u00e4v\u00e4\u00e4 suunnitelmassa on. Onko jotain saatu jo niin kuntoon ett\u00e4 sit\u00e4 ei tarvitse mainita erikseen? Mit\u00e4 uutta on tullut tai tulossa?<\/p>\n<p>Uusi perusopetuksen OPS sopii hyvin tausta-aineistoksi. <a href=\"https:\/\/www.oph.fi\/ajankohtaista\/verkkouutiset\/101\/0\/mita_opetussuunnitelman_perusteissa_sanotaan_itseohjautuvuudesta_digitalisaatiosta_ja_ilmiooppimisesta\">Digitaalisuus on mukana<\/a>, mutta se ei ole itseisarvo:<\/p>\n<blockquote><p>Tieto- ja viestint\u00e4teknologinen osaaminen on yksi opetussuunnitelman perusteiden laaja-alaisen osaamisen osa-alueista. Teknologia on my\u00f6s olennainen osa monipuolisia oppimisymp\u00e4rist\u00f6j\u00e4.<\/p>\n<p>Digilaitteiden k\u00e4ytt\u00f6\u00e4 opetellaan opettajan johdolla. Niit\u00e4 hy\u00f6dynnet\u00e4\u00e4n my\u00f6s oppimisen v\u00e4linein\u00e4. Oppilaita opastetaan k\u00e4ytt\u00e4m\u00e4\u00e4n teknologiaa vastuullisesti, turvallisesti ja ergonomisesti. Heit\u00e4 ohjataan ymm\u00e4rt\u00e4m\u00e4\u00e4n teknologian k\u00e4yt\u00f6n ja toiminnan periaatteita ja kehitt\u00e4m\u00e4\u00e4n omia k\u00e4yt\u00e4nn\u00f6n digitaitojaan.<\/p>\n<p>Oppilaita opetetaan my\u00f6s k\u00e4ytt\u00e4m\u00e4\u00e4n digilaitteita hy\u00f6dyksi tiedonhallinnassa sek\u00e4 tutkivassa ja luovassa ty\u00f6skentelyss\u00e4.<\/p><\/blockquote>\n<p>Lis\u00e4tietoja:<\/p>\n<ul>\n<li><a class=\"internal-link\" href=\"http:\/\/www.enorssi.fi\/tvt-ja-opetus\/tvt-strategiat-1\/tvt-strategia-2016-2018\">Harjoittelukoulujen tieto- ja viestint\u00e4teknologian strategia 2016 &#8211; 2018<\/a><\/li>\n<li><a class=\"internal-link\" href=\"http:\/\/www.enorssi.fi\/tvt-ja-opetus\/tvt-strategiat-1\/osaamistasot\">TVT-strategian liite 1., osaamistasotaulukko<\/a><\/li>\n<li><a class=\"internal-link\" href=\"http:\/\/www.enorssi.fi\/tvt-ja-opetus\/tvt-strategiat-1\/ohjelmointipolku\">TVT-strategian liite 2., ohjelmointipolku<\/a><\/li>\n<\/ul>\n\n<div class=\"twitter-share\"><a href=\"https:\/\/twitter.com\/intent\/tweet?via=jarsjo\" class=\"twitter-share-button\">Twiittaa<\/a><\/div>\n","protected":false},"excerpt":{"rendered":"<p>Norssin vanha tieto- ja viestint\u00e4tekniikan opetusk\u00e4yt\u00f6n suunnitelma alkaa olla kautensa lopussa. Nyt on taas aika katsoa, mit\u00e4 p\u00e4ivitett\u00e4v\u00e4\u00e4 suunnitelmassa on. Onko jotain saatu jo niin kuntoon ett\u00e4 sit\u00e4 ei tarvitse mainita erikseen? Mit\u00e4 uutta on tullut tai tulossa? Uusi perusopetuksen OPS sopii hyvin tausta-aineistoksi. Digitaalisuus on mukana, mutta se ei ole itseisarvo: Tieto- ja viestint\u00e4teknologinen [&hellip;]<\/p>\n","protected":false},"author":453,"featured_media":0,"comment_status":"open","ping_status":"closed","sticky":false,"template":"","format":"standard","meta":{"wds_primary_category":0,"footnotes":""},"categories":[14],"tags":[26,23,20],"class_list":["post-587","post","type-post","status-publish","format-standard","hentry","category-tvtn-opetuskaytto","tag-digitaidot","tag-pops2016","tag-tvt-strategia"],"_links":{"self":[{"href":"https:\/\/users.utu.fi\/jarsjo\/wp-json\/wp\/v2\/posts\/587","targetHints":{"allow":["GET"]}}],"collection":[{"href":"https:\/\/users.utu.fi\/jarsjo\/wp-json\/wp\/v2\/posts"}],"about":[{"href":"https:\/\/users.utu.fi\/jarsjo\/wp-json\/wp\/v2\/types\/post"}],"author":[{"embeddable":true,"href":"https:\/\/users.utu.fi\/jarsjo\/wp-json\/wp\/v2\/users\/453"}],"replies":[{"embeddable":true,"href":"https:\/\/users.utu.fi\/jarsjo\/wp-json\/wp\/v2\/comments?post=587"}],"version-history":[{"count":8,"href":"https:\/\/users.utu.fi\/jarsjo\/wp-json\/wp\/v2\/posts\/587\/revisions"}],"predecessor-version":[{"id":692,"href":"https:\/\/users.utu.fi\/jarsjo\/wp-json\/wp\/v2\/posts\/587\/revisions\/692"}],"wp:attachment":[{"href":"https:\/\/users.utu.fi\/jarsjo\/wp-json\/wp\/v2\/media?parent=587"}],"wp:term":[{"taxonomy":"category","embeddable":true,"href":"https:\/\/users.utu.fi\/jarsjo\/wp-json\/wp\/v2\/categories?post=587"},{"taxonomy":"post_tag","embeddable":true,"href":"https:\/\/users.utu.fi\/jarsjo\/wp-json\/wp\/v2\/tags?post=587"}],"curies":[{"name":"wp","href":"https:\/\/api.w.org\/{rel}","templated":true}]}}