{"id":220,"date":"2025-09-18T13:56:00","date_gmt":"2025-09-18T10:56:00","guid":{"rendered":"https:\/\/users.utu.fi\/jmmpal\/?p=220"},"modified":"2026-01-22T14:11:21","modified_gmt":"2026-01-22T12:11:21","slug":"tutkimuksemme-paasi-iltalehden-looppeihin","status":"publish","type":"post","link":"https:\/\/users.utu.fi\/jmmpal\/2025\/09\/18\/tutkimuksemme-paasi-iltalehden-looppeihin\/","title":{"rendered":"Iltalehti huomioi virukseen pohjautuvan sy\u00f6p\u00e4hoidon n\u00e4ytt\u00e4v\u00e4sti"},"content":{"rendered":"\n<p>Ryhm\u00e4mme on kehitt\u00e4nyt kahta Herpes simplex virusvektoriin pohjautuvaa sy\u00f6p\u00e4hoitoa, joista toisesta hiljattain valmistunut <a href=\"https:\/\/www.abo.fi\/fi\/uutiset\/uusi-herpesvirukseen-perustuva-rokote-voi-tulevaisuudessa-parantaa-syovan-ilman-haittavaikutuksia\/\">v\u00e4it\u00f6skirja<\/a> her\u00e4tti my\u00f6s median huomion. Olen ollut mukana kyseisen virusvektorin kehitysty\u00f6ss\u00e4 sek\u00e4 sit\u00e4 koskevan tutkimusartikkelin kirjoittamisessa, mist\u00e4 mainitsin <a href=\"https:\/\/users.utu.fi\/jmmpal\/2025\/01\/14\/dekoriini-siirtogeenina-onkolyyttisessa-hsv-vektorissa\/\">tammikuussa<\/a>. Itse v\u00e4it\u00f6skirjaan voit tutustua tarkemmin <a href=\"https:\/\/urn.fi\/URN:ISBN:978-952-12-4565-7\">t\u00e4\u00e4ll\u00e4<\/a>.<\/p>\n\n\n\n<figure class=\"wp-block-image size-large is-resized\"><img loading=\"lazy\" decoding=\"async\" width=\"759\" height=\"1024\" src=\"https:\/\/users.utu.fi\/jmmpal\/wp-content\/uploads\/sites\/1424\/2026\/01\/IMG_5792-759x1024.jpeg\" alt=\"\" class=\"wp-image-219\" style=\"width:281px;height:auto\" srcset=\"https:\/\/users.utu.fi\/jmmpal\/wp-content\/uploads\/sites\/1424\/2026\/01\/IMG_5792-759x1024.jpeg 759w, https:\/\/users.utu.fi\/jmmpal\/wp-content\/uploads\/sites\/1424\/2026\/01\/IMG_5792-222x300.jpeg 222w, https:\/\/users.utu.fi\/jmmpal\/wp-content\/uploads\/sites\/1424\/2026\/01\/IMG_5792-768x1036.jpeg 768w, https:\/\/users.utu.fi\/jmmpal\/wp-content\/uploads\/sites\/1424\/2026\/01\/IMG_5792-1138x1536.jpeg 1138w, https:\/\/users.utu.fi\/jmmpal\/wp-content\/uploads\/sites\/1424\/2026\/01\/IMG_5792-1518x2048.jpeg 1518w, https:\/\/users.utu.fi\/jmmpal\/wp-content\/uploads\/sites\/1424\/2026\/01\/IMG_5792-scaled.jpeg 1897w\" sizes=\"auto, (max-width: 759px) 100vw, 759px\" \/><\/figure>\n","protected":false},"excerpt":{"rendered":"<p>Ryhm\u00e4mme on kehitt\u00e4nyt kahta Herpes simplex virusvektoriin pohjautuvaa sy\u00f6p\u00e4hoitoa, joista toisesta hiljattain valmistunut v\u00e4it\u00f6skirja her\u00e4tti my\u00f6s median huomion. Olen ollut mukana kyseisen virusvektorin kehitysty\u00f6ss\u00e4 sek\u00e4 sit\u00e4 koskevan tutkimusartikkelin kirjoittamisessa, mist\u00e4 mainitsin tammikuussa. Itse v\u00e4it\u00f6skirjaan voit tutustua tarkemmin t\u00e4\u00e4ll\u00e4.<\/p>\n","protected":false},"author":6791,"featured_media":218,"comment_status":"open","ping_status":"open","sticky":false,"template":"","format":"standard","meta":{"wds_primary_category":22,"footnotes":""},"categories":[22],"tags":[],"class_list":["post-220","post","type-post","status-publish","format-standard","has-post-thumbnail","hentry","category-virologia"],"_links":{"self":[{"href":"https:\/\/users.utu.fi\/jmmpal\/wp-json\/wp\/v2\/posts\/220","targetHints":{"allow":["GET"]}}],"collection":[{"href":"https:\/\/users.utu.fi\/jmmpal\/wp-json\/wp\/v2\/posts"}],"about":[{"href":"https:\/\/users.utu.fi\/jmmpal\/wp-json\/wp\/v2\/types\/post"}],"author":[{"embeddable":true,"href":"https:\/\/users.utu.fi\/jmmpal\/wp-json\/wp\/v2\/users\/6791"}],"replies":[{"embeddable":true,"href":"https:\/\/users.utu.fi\/jmmpal\/wp-json\/wp\/v2\/comments?post=220"}],"version-history":[{"count":5,"href":"https:\/\/users.utu.fi\/jmmpal\/wp-json\/wp\/v2\/posts\/220\/revisions"}],"predecessor-version":[{"id":228,"href":"https:\/\/users.utu.fi\/jmmpal\/wp-json\/wp\/v2\/posts\/220\/revisions\/228"}],"wp:featuredmedia":[{"embeddable":true,"href":"https:\/\/users.utu.fi\/jmmpal\/wp-json\/wp\/v2\/media\/218"}],"wp:attachment":[{"href":"https:\/\/users.utu.fi\/jmmpal\/wp-json\/wp\/v2\/media?parent=220"}],"wp:term":[{"taxonomy":"category","embeddable":true,"href":"https:\/\/users.utu.fi\/jmmpal\/wp-json\/wp\/v2\/categories?post=220"},{"taxonomy":"post_tag","embeddable":true,"href":"https:\/\/users.utu.fi\/jmmpal\/wp-json\/wp\/v2\/tags?post=220"}],"curies":[{"name":"wp","href":"https:\/\/api.w.org\/{rel}","templated":true}]}}