{"id":89,"date":"2018-10-19T12:51:56","date_gmt":"2018-10-19T12:51:56","guid":{"rendered":"http:\/\/users.utu.fi\/mthlei\/?p=89"},"modified":"2018-10-19T12:57:00","modified_gmt":"2018-10-19T12:57:00","slug":"ajanhallinta-asiantuntijatyossa","status":"publish","type":"post","link":"https:\/\/users.utu.fi\/mthlei\/2018\/10\/19\/ajanhallinta-asiantuntijatyossa\/","title":{"rendered":"Ajanhallinta asiantuntijaty\u00f6ss\u00e4"},"content":{"rendered":"<p>Olin t\u00e4n\u00e4\u00e4n luennolla \u201dAjanhallinta asiantuntijaty\u00f6ss\u00e4\u201d ja seuraavat ajatukset j\u00e4iv\u00e4t kirkkaimpana mieleen:<\/p>\n<ul>\n<li>Ajanhallinta on asiantuntijan lis\u00e4ksi organisaation, esimiehen ja ty\u00f6yhteis\u00f6n asia.<\/li>\n<li>Asiantuntijaty\u00f6n tuottavuus ja kyky keskitty\u00e4 ovat yhteydess\u00e4.<\/li>\n<\/ul>\n<p>T\u00e4rkeimm\u00e4t keinot ajanhallintaan ovat<\/p>\n<ul>\n<li>Priorisointi<\/li>\n<li>Ty\u00f6n n\u00e4kyv\u00e4ksi tekeminen<\/li>\n<li>Keskeytysten hallinta<\/li>\n<\/ul>\n<p>Itsell\u00e4 on omalta tuntuvat ajanhallinnan ty\u00f6kalut k\u00e4yt\u00f6ss\u00e4. Olen manuaalinen ihminen siin\u00e4 mieless\u00e4, ett\u00e4 pid\u00e4n bullet journal-muistikirjaa johon kirjaan samalla my\u00f6s viikko- ja p\u00e4iv\u00e4suunnitelmat. K\u00e4yt\u00e4n my\u00f6s mindmapeja laajojen teht\u00e4v\u00e4kokonaisuuksien eri osasten hahmottamiseen. Mindmapit l\u00f6ytyv\u00e4t samaisesta muistikirjasta, ja olisin varmaan ihan hukassa jos muistikirja katoaisi. Kalenterini on s\u00e4hk\u00f6inen, ty\u00f6paikan outlook-kalenteri on synkattu my\u00f6s puhelimeen.<\/p>\n<p>Ssis\u00e4isten keskeytysten hallinnassa sen sijaan on viel\u00e4 ty\u00f6sarkaa. Luennolla tuli ohimennen esiin se, ett\u00e4 keskittymiskykyyn pit\u00e4\u00e4 opetella takaisin, jos se on p\u00e4\u00e4ssyt herpaantumaan. Veikkaan, ett\u00e4 aika monella on \u00e4lylaitteiden kanssa p\u00e4\u00e4ssyt k\u00e4ym\u00e4\u00e4n juuri n\u00e4in! Olen viime aikoina yritt\u00e4nyt tieten tahtoen j\u00e4tt\u00e4\u00e4 k\u00e4nnyk\u00e4n laukkuun silloin kun sit\u00e4 olisi tehnyt mieli n\u00e4pel\u00f6id\u00e4: kassajonossa, palaverissa, jopa liikennevaloissa seisoessa. En usko olevani viel\u00e4 yht\u00e4\u00e4n parempi ihminen, mutta suosittelen t\u00e4t\u00e4 harjoitusta kyll\u00e4 kaikille. T\u00f6iss\u00e4 t\u00e4ytyy\u00a0 ensi viikolla kokeilla vaikka pomodoro-menetelm\u00e4\u00e4, ja siirt\u00e4\u00e4 k\u00e4nnykk\u00e4 pois k\u00e4den ulottuvilta.<\/p>\n<p>Luennon j\u00e4rjesti Turun yliopiston henkil\u00f6st\u00f6n kehitt\u00e4misen yksikk\u00f6 ja luennolla puhui tutkija Ty\u00f6terveyslaitokselta. Ty\u00f6terveyslaitos on julkaissut oppaan<em> Fokus kateissa, aika palasina?<\/em> jota suosittelen l\u00e4mpim\u00e4sti! Opas on saatavilla t\u00e4\u00e4ll\u00e4: <a href=\"https:\/\/www.ttl.fi\/fokus-kateissa-aika-palasina\/\">https:\/\/www.ttl.fi\/fokus-kateissa-aika-palasina\/<\/a><\/p>\n","protected":false},"excerpt":{"rendered":"<p>Olin t\u00e4n\u00e4\u00e4n luennolla \u201dAjanhallinta asiantuntijaty\u00f6ss\u00e4\u201d ja seuraavat ajatukset j\u00e4iv\u00e4t kirkkaimpana mieleen: Ajanhallinta on asiantuntijan lis\u00e4ksi organisaation, esimiehen ja ty\u00f6yhteis\u00f6n asia. Asiantuntijaty\u00f6n tuottavuus ja kyky keskitty\u00e4 ovat yhteydess\u00e4. T\u00e4rkeimm\u00e4t keinot ajanhallintaan ovat Priorisointi Ty\u00f6n n\u00e4kyv\u00e4ksi tekeminen Keskeytysten hallinta Itsell\u00e4 on omalta tuntuvat ajanhallinnan ty\u00f6kalut k\u00e4yt\u00f6ss\u00e4. Olen manuaalinen ihminen siin\u00e4 mieless\u00e4, ett\u00e4 pid\u00e4n bullet journal-muistikirjaa johon kirjaan [&hellip;]<\/p>\n","protected":false},"author":2945,"featured_media":0,"comment_status":"open","ping_status":"open","sticky":false,"template":"","format":"standard","meta":{"wds_primary_category":0,"footnotes":""},"categories":[11],"tags":[],"class_list":["post-89","post","type-post","status-publish","format-standard","hentry","category-tyoelama","post-preview"],"_links":{"self":[{"href":"https:\/\/users.utu.fi\/mthlei\/wp-json\/wp\/v2\/posts\/89","targetHints":{"allow":["GET"]}}],"collection":[{"href":"https:\/\/users.utu.fi\/mthlei\/wp-json\/wp\/v2\/posts"}],"about":[{"href":"https:\/\/users.utu.fi\/mthlei\/wp-json\/wp\/v2\/types\/post"}],"author":[{"embeddable":true,"href":"https:\/\/users.utu.fi\/mthlei\/wp-json\/wp\/v2\/users\/2945"}],"replies":[{"embeddable":true,"href":"https:\/\/users.utu.fi\/mthlei\/wp-json\/wp\/v2\/comments?post=89"}],"version-history":[{"count":1,"href":"https:\/\/users.utu.fi\/mthlei\/wp-json\/wp\/v2\/posts\/89\/revisions"}],"predecessor-version":[{"id":92,"href":"https:\/\/users.utu.fi\/mthlei\/wp-json\/wp\/v2\/posts\/89\/revisions\/92"}],"wp:attachment":[{"href":"https:\/\/users.utu.fi\/mthlei\/wp-json\/wp\/v2\/media?parent=89"}],"wp:term":[{"taxonomy":"category","embeddable":true,"href":"https:\/\/users.utu.fi\/mthlei\/wp-json\/wp\/v2\/categories?post=89"},{"taxonomy":"post_tag","embeddable":true,"href":"https:\/\/users.utu.fi\/mthlei\/wp-json\/wp\/v2\/tags?post=89"}],"curies":[{"name":"wp","href":"https:\/\/api.w.org\/{rel}","templated":true}]}}