{"id":19,"date":"2024-08-30T22:00:55","date_gmt":"2024-08-30T19:00:55","guid":{"rendered":"https:\/\/users.utu.fi\/tvmtho\/?p=19"},"modified":"2024-08-30T22:00:55","modified_gmt":"2024-08-30T19:00:55","slug":"muutoksia","status":"publish","type":"post","link":"https:\/\/users.utu.fi\/tvmtho\/2024\/08\/30\/muutoksia\/","title":{"rendered":"Muutoksia"},"content":{"rendered":"<p>Olen muuttanut el\u00e4m\u00e4ss\u00e4ni suunnilleen 30 kertaa. Kahdesti ulkomaillekin, mutta molemmilla kerroilla samaan kaupunkiin. Maakuntakarttaa kun katselee, niin siit\u00e4 voin sanoa, ett\u00e4 synnyin Keski-Suomessa, kasvoin nuoruusvuoteni Pirkanmaalla, nuorta aikuisuuttani vietin enimm\u00e4kseen Satakunnassa, mutta tehden v\u00e4lihyppyj\u00e4 Uudellemaalle sek\u00e4 takaisin Keski-Suomeen. V\u00e4h\u00e4n v\u00e4hemm\u00e4n nuorena aikuisena l\u00e4ksin ulkomaille, josta palasin ensin Uudellemaalle, josta puolestaan tie vei ensin Satakuntaan ja nyt melkein kolme kuukautta kotiosoite on l\u00f6ytynyt Varsinais-Suomesta.<\/p>\n<p>Tietenkin Turusta.<\/p>\n<p>Entinen p\u00e4\u00e4kaupunki on ollut monella tapaa yll\u00e4tys, enimm\u00e4kseen iloinen. Nyt tuntuu oikeastaan hieman h\u00f6lm\u00f6lt\u00e4, miten v\u00e4h\u00e4n tunsinkaan Turkua, vaikka asuin Raumalla hyvin pitk\u00e4\u00e4n, eik\u00e4 sielt\u00e4 et\u00e4isyys Turkuun ole paljoa.<\/p>\n<p>Tietenkin on muistettava, ett\u00e4 olen saanut viett\u00e4\u00e4 &#8221;kuherruskuukausiani&#8221; Turun kanssa kes\u00e4aikaan, jolloin kaikki Suomen paikkakunnat ovat kivoja ja kauniita. Katsotaan, mit\u00e4 ajattelen marraskuun pimeydess\u00e4, tai kuinka rospuuttokelit riepovat.<\/p>\n<p>Yksi asia tuntuu kuitenkin jo nyt aika selv\u00e4lt\u00e4. Haluan asua l\u00e4hell\u00e4 merta. Vaikka sis\u00e4maassa synnyin, niin vuodet rannikolla ovat j\u00e4tt\u00e4neet j\u00e4lkens\u00e4, kiintymyksen merta kohtaan.<\/p>\n","protected":false},"excerpt":{"rendered":"<p>Olen muuttanut el\u00e4m\u00e4ss\u00e4ni suunnilleen 30 kertaa. Kahdesti ulkomaillekin, mutta molemmilla kerroilla samaan kaupunkiin. Maakuntakarttaa kun katselee, niin siit\u00e4 voin sanoa, ett\u00e4 synnyin Keski-Suomessa, kasvoin nuoruusvuoteni&hellip; <a href=\"https:\/\/users.utu.fi\/tvmtho\/2024\/08\/30\/muutoksia\/\" class=\"more-link\">Continue reading <span class=\"screen-reader-text\">Muutoksia<\/span><\/a><\/p>\n","protected":false},"author":6745,"featured_media":0,"comment_status":"open","ping_status":"open","sticky":false,"template":"","format":"standard","meta":{"wds_primary_category":0,"footnotes":""},"categories":[1],"tags":[3],"class_list":["post-19","post","type-post","status-publish","format-standard","hentry","category-yleinen","tag-muutos"],"_links":{"self":[{"href":"https:\/\/users.utu.fi\/tvmtho\/wp-json\/wp\/v2\/posts\/19","targetHints":{"allow":["GET"]}}],"collection":[{"href":"https:\/\/users.utu.fi\/tvmtho\/wp-json\/wp\/v2\/posts"}],"about":[{"href":"https:\/\/users.utu.fi\/tvmtho\/wp-json\/wp\/v2\/types\/post"}],"author":[{"embeddable":true,"href":"https:\/\/users.utu.fi\/tvmtho\/wp-json\/wp\/v2\/users\/6745"}],"replies":[{"embeddable":true,"href":"https:\/\/users.utu.fi\/tvmtho\/wp-json\/wp\/v2\/comments?post=19"}],"version-history":[{"count":1,"href":"https:\/\/users.utu.fi\/tvmtho\/wp-json\/wp\/v2\/posts\/19\/revisions"}],"predecessor-version":[{"id":20,"href":"https:\/\/users.utu.fi\/tvmtho\/wp-json\/wp\/v2\/posts\/19\/revisions\/20"}],"wp:attachment":[{"href":"https:\/\/users.utu.fi\/tvmtho\/wp-json\/wp\/v2\/media?parent=19"}],"wp:term":[{"taxonomy":"category","embeddable":true,"href":"https:\/\/users.utu.fi\/tvmtho\/wp-json\/wp\/v2\/categories?post=19"},{"taxonomy":"post_tag","embeddable":true,"href":"https:\/\/users.utu.fi\/tvmtho\/wp-json\/wp\/v2\/tags?post=19"}],"curies":[{"name":"wp","href":"https:\/\/api.w.org\/{rel}","templated":true}]}}